{"id":2700,"date":"2018-09-13T13:22:11","date_gmt":"2018-09-13T12:22:11","guid":{"rendered":"http:\/\/www.hinnerup.net\/?p=2700"},"modified":"2018-09-13T13:33:42","modified_gmt":"2018-09-13T12:33:42","slug":"new-office-incuba-navitas","status":"publish","type":"post","link":"https:\/\/www.hinnerup.net\/en\/permanent\/2018\/09\/13\/new-office-incuba-navitas\/","title":{"rendered":"Aarhus afdelingen rykker til nyt kontor hos Incuba Navitas"},"content":{"rendered":"<p>Efter at have sl\u00e5et vore folder i S\u00f8ren Frichs Parken i 8 \u00e5r, har vi fundet anledning til at rykke til nye l\u00e6kre og inspirerende lokaler hos <a href=\"https:\/\/incuba.dk\/\" target=\"_blank\">Incuba Navitas<\/a>.<\/p>\n<div style=\"text-align:center;padding:1em;background-color:#eee;margin-bottom:1em;text-align:center\">\n<img loading=\"lazy\" decoding=\"async\" width=\"1024\" height=\"397\" src=\"\/wp-content\/uploads\/2018\/09\/navitas-1024x397.jpg\" alt=\"\" class=\"size-large wp-image-2701\" srcset=\"https:\/\/www.hinnerup.net\/wp-content\/uploads\/2018\/09\/navitas-1024x397.jpg 1024w, https:\/\/www.hinnerup.net\/wp-content\/uploads\/2018\/09\/navitas-300x116.jpg 300w, https:\/\/www.hinnerup.net\/wp-content\/uploads\/2018\/09\/navitas-768x298.jpg 768w, https:\/\/www.hinnerup.net\/wp-content\/uploads\/2018\/09\/navitas.jpg 1920w\" sizes=\"auto, (max-width: 1024px) 100vw, 1024px\" \/>\n<\/div>\n<p>Vi gl\u00e6der os meget til det nye kontorlokale, de nye faciliteter, f\u00e6llesskabet med de mange andre innovative virksomheder og den absolut fantastisk centrale adresse i midt Aarhus.<\/p>\n<p>Flytningen finder sted fra d. 1. okt. til d. 14 okt. 2018.<\/p>\n","protected":false},"excerpt":{"rendered":"<p>Efter at have sl\u00e5et vore folder i S\u00f8ren Frichs Parken i 8 \u00e5r, har vi fundet anledning til at rykke til nye l\u00e6kre og inspirerende lokaler hos Incuba Navitas. Vi gl\u00e6der os meget til det nye kontorlokale, de nye faciliteter, f\u00e6llesskabet med de mange andre innovative virksomheder og den absolut fantastisk centrale adresse i midt [&hellip;]<\/p>\n","protected":false},"author":3,"featured_media":2701,"comment_status":"open","ping_status":"open","sticky":false,"template":"","format":"standard","meta":{"footnotes":""},"categories":[93,11],"tags":[108],"class_list":["post-2700","post","type-post","status-publish","format-standard","has-post-thumbnail","hentry","category-medarbejdere","category-announcements","tag-featured"],"_links":{"self":[{"href":"https:\/\/www.hinnerup.net\/en\/wp-json\/wp\/v2\/posts\/2700","targetHints":{"allow":["GET"]}}],"collection":[{"href":"https:\/\/www.hinnerup.net\/en\/wp-json\/wp\/v2\/posts"}],"about":[{"href":"https:\/\/www.hinnerup.net\/en\/wp-json\/wp\/v2\/types\/post"}],"author":[{"embeddable":true,"href":"https:\/\/www.hinnerup.net\/en\/wp-json\/wp\/v2\/users\/3"}],"replies":[{"embeddable":true,"href":"https:\/\/www.hinnerup.net\/en\/wp-json\/wp\/v2\/comments?post=2700"}],"version-history":[{"count":3,"href":"https:\/\/www.hinnerup.net\/en\/wp-json\/wp\/v2\/posts\/2700\/revisions"}],"predecessor-version":[{"id":2707,"href":"https:\/\/www.hinnerup.net\/en\/wp-json\/wp\/v2\/posts\/2700\/revisions\/2707"}],"wp:featuredmedia":[{"embeddable":true,"href":"https:\/\/www.hinnerup.net\/en\/wp-json\/wp\/v2\/media\/2701"}],"wp:attachment":[{"href":"https:\/\/www.hinnerup.net\/en\/wp-json\/wp\/v2\/media?parent=2700"}],"wp:term":[{"taxonomy":"category","embeddable":true,"href":"https:\/\/www.hinnerup.net\/en\/wp-json\/wp\/v2\/categories?post=2700"},{"taxonomy":"post_tag","embeddable":true,"href":"https:\/\/www.hinnerup.net\/en\/wp-json\/wp\/v2\/tags?post=2700"}],"curies":[{"name":"wp","href":"https:\/\/api.w.org\/{rel}","templated":true}]}}